{"id":568,"date":"2021-02-24T12:39:11","date_gmt":"2021-02-24T10:39:11","guid":{"rendered":"https:\/\/www.benekos.de\/?p=568"},"modified":"2021-04-16T11:16:10","modified_gmt":"2021-04-16T09:16:10","slug":"das-iv-griechische-armeekorps-in-goerlitz-1916-1919","status":"publish","type":"post","link":"https:\/\/www.benekos.de\/?p=568","title":{"rendered":"Das IV. Griechische Armeekorps in G\u00f6rlitz 1916-1919"},"content":{"rendered":"\n<h1 style=\"text-align: left;\"><span style=\"color: #0000ff;\">Das IV. Griechische Armeekorps in G\u00f6rlitz 1916-1919<\/span><\/h1>\n\n\n\n<p><a href=\"https:\/\/www.benekos.de\/wp-content\/uploads\/2021\/02\/cover-Goerlitz-2020-008-2-1-scaled.jpg\"><img loading=\"lazy\" decoding=\"async\" class=\"alignnone  wp-image-599\" src=\"https:\/\/www.benekos.de\/wp-content\/uploads\/2021\/02\/cover-Goerlitz-2020-008-2-1-150x150.jpg\" alt=\"\" width=\"185\" height=\"185\"> [Vergr\u00f6\u00dferung des Bildes mit einem Klick]<\/a><\/p>\n\n\n\n<h2><span style=\"color: #0000ff;\">Erster Weltkrieg<\/span>. Von 1916 bis 1919 war G\u00f6rlitz die B\u00fchne f\u00fcr eine seltsame deutsch-griechische milit\u00e4rische Begegnung.<br>7000 vollbewaffnete griechische Soldaten des IV. Griechischen Armeekorps sind in G\u00f6rlitz stationiert als \u201eG\u00e4ste des Kaisers\u201c.<br>Diese paradoxe Geschichte erleben wir anhand des milit\u00e4rischen Tagebuches eines griechischen Feldwebels und der Dokumentation eines deutschen Konsuls.<br>Beide erz\u00e4hlen ihre Erlebnisse mit erstaunlicher Genauigkeit und erg\u00e4nzen sich gegenseitig. Die Geschichte von G\u00f6rlitz aus einem anderen Blickwinkel&#8230;<\/h2>\n<p>&nbsp;<\/p>\n\n\n\n<p>Bearbeitet von: <strong>Prof. Dr. Dimitrios Benekos (Volos &#8211; GR)\u00a0<\/strong><strong><span style=\"font-size: inherit;\">\u00a0 \u00a0 \u00a0 \u00a0 \u00a0 \u00a0 \u00a0 \u00a0 \u00a0 \u00a0 \u00a0 \u00a0 \u00a0 \u00a0 \u00a0 \u00a0 \u00a0 \u00a0 \u00a0 \u00a0 \u00a0 \u00a0 \u00a0 \u00a0 \u00a0 \u00a0 \u00a0 \u00a0 \u00a0 \u00a0 \u00a0 \u00a0 \u00a0 \u00a0 \u00a0 \u00a0 \u00a0 \u00a0 \u00a0 \u00a0 \u00a0 \u00a0 \u00a0 \u00a0 \u00a0 \u00a0 \u00a0 \u00a0 \u00a0 \u00a0 \u00a0 \u00a0 Prof. Dr. Wolfgang Geierhos (G\u00f6rlitz &#8211; DE)<\/span><\/strong><\/p>\n<p>Druck und Verlag: Graphicart FAOS, 43100 Karditsa\/Griechenland, www.graphic-art.gr<\/p>\n<p>ISBN: 978-618-00-2441-8<\/p>\n\n\n\n<p><span style=\"color: #ff0000;\">&nbsp; &nbsp; &nbsp; &nbsp;[ Verkaufsstellen: <strong><span style=\"color: #0000ff;\">www.graphic-art.gr&nbsp; <span style=\"color: #000000;\">und<\/span>&nbsp; <\/span><\/strong><strong><span style=\"color: #0000ff;\">https:\/\/fachbuchzentrum.de\/de\/<\/span><\/strong><\/span><span style=\"color: #ff0000;\">]<\/span><\/p>\n\n\n","protected":false},"excerpt":{"rendered":"<p>Das IV. Griechische Armeekorps in G\u00f6rlitz 1916-1919 [Vergr\u00f6\u00dferung des Bildes mit einem Klick] Erster Weltkrieg. Von 1916 bis 1919 war G\u00f6rlitz die B\u00fchne f\u00fcr eine seltsame deutsch-griechische milit\u00e4rische Begegnung.7000 vollbewaffnete griechische Soldaten des IV. Griechischen Armeekorps sind in G\u00f6rlitz stationiert als \u201eG\u00e4ste des Kaisers\u201c.Diese paradoxe Geschichte erleben wir anhand des milit\u00e4rischen Tagebuches eines griechischen Feldwebels [&hellip;]<\/p>\n","protected":false},"author":2,"featured_media":0,"comment_status":"closed","ping_status":"closed","sticky":false,"template":"","format":"standard","meta":{"footnotes":""},"categories":[1,4,3,5],"tags":[57,47,54],"class_list":["post-568","post","type-post","status-publish","format-standard","hentry","category-allgemein","category-artikel","category-buecher","category-home","tag-gast-des-kaisers","tag-goerlitz","tag-iv-armeekorps"],"_links":{"self":[{"href":"https:\/\/www.benekos.de\/index.php?rest_route=\/wp\/v2\/posts\/568","targetHints":{"allow":["GET"]}}],"collection":[{"href":"https:\/\/www.benekos.de\/index.php?rest_route=\/wp\/v2\/posts"}],"about":[{"href":"https:\/\/www.benekos.de\/index.php?rest_route=\/wp\/v2\/types\/post"}],"author":[{"embeddable":true,"href":"https:\/\/www.benekos.de\/index.php?rest_route=\/wp\/v2\/users\/2"}],"replies":[{"embeddable":true,"href":"https:\/\/www.benekos.de\/index.php?rest_route=%2Fwp%2Fv2%2Fcomments&post=568"}],"version-history":[{"count":23,"href":"https:\/\/www.benekos.de\/index.php?rest_route=\/wp\/v2\/posts\/568\/revisions"}],"predecessor-version":[{"id":616,"href":"https:\/\/www.benekos.de\/index.php?rest_route=\/wp\/v2\/posts\/568\/revisions\/616"}],"wp:attachment":[{"href":"https:\/\/www.benekos.de\/index.php?rest_route=%2Fwp%2Fv2%2Fmedia&parent=568"}],"wp:term":[{"taxonomy":"category","embeddable":true,"href":"https:\/\/www.benekos.de\/index.php?rest_route=%2Fwp%2Fv2%2Fcategories&post=568"},{"taxonomy":"post_tag","embeddable":true,"href":"https:\/\/www.benekos.de\/index.php?rest_route=%2Fwp%2Fv2%2Ftags&post=568"}],"curies":[{"name":"wp","href":"https:\/\/api.w.org\/{rel}","templated":true}]}}